{"id":7378,"date":"2016-09-08T16:58:08","date_gmt":"2016-09-08T16:58:08","guid":{"rendered":"http:\/\/trend.agency\/domains\/everythingibiza.com\/blog\/?p=273"},"modified":"2025-08-18T16:01:39","modified_gmt":"2025-08-18T15:01:39","slug":"september-property-news","status":"publish","type":"post","link":"https:\/\/www.everythingibiza.com\/es\/september-property-news\/","title":{"rendered":"Blog y recortes de septiembre"},"content":{"rendered":"<p>&nbsp;<\/p>\n<h1><img decoding=\"async\" class=\"aligncenter size-full wp-image-288\" src=\"https:\/\/everythingibiza.com\/wp-content\/uploads\/2016\/09\/Flag-Of-Balearic-Islands-Spain.jpg\" alt=\"Flag of balearic islands, Spain for the everything ibiza September blog\" width=\"1026\" height=\"503\" \/><\/h1>\n<h1><\/h1>\n<h1><span style=\"color: #333399;\">Cambio estacional y crecimiento<\/span><\/h1>\n<p>&nbsp;<\/p>\n<p>A medida que descendemos del precipicio del apogeo del verano, el mercado inmobiliario cambia su demograf\u00eda, en cierto modo, de la compra de casas de vacaciones, a la inversi\u00f3n local despu\u00e9s de una, esperemos que lucrativa, temporada de trabajo duro. Tradicionalmente, los isle\u00f1os que buscan comprar inmuebles se preocupan m\u00e1s por los metros cuadrados que por la est\u00e9tica y se inclinan por la compra en el interior, donde se puede comprar m\u00e1s por el euro y hay terreno para seguir desarrollando. Es posible que los recientes planes del Gobierno para ayudar a las parejas j\u00f3venes a entrar en el mercado inmobiliario desvirt\u00faen un poco esta tendencia; sin embargo, las casas y las viviendas unifamiliares siguen siendo las m\u00e1s atractivas para los lugare\u00f1os, que suelen embarcarse en un proyecto de restauraci\u00f3n durante los meses de invierno.<\/p>\n<p><img decoding=\"async\" class=\"aligncenter wp-image-286\" src=\"https:\/\/everythingibiza.com\/blog\/wp-content\/uploads\/2016\/09\/euros_1693423b.jpg\" alt=\"First time buyers in Ibiza\" width=\"500\" height=\"313\" \/><\/p>\n<p>Los datos del Consejo General del Notariado espa\u00f1ol muestran que los precios medios nacionales cayeron 1,9% en 12 meses hasta finales de junio, mientras que las cifras de la empresa de tasaci\u00f3n l\u00edder en Espa\u00f1a mostraron que el \u00edndice medio en las zonas costeras peninsulares subi\u00f3 0,3% en julio en comparaci\u00f3n con el mismo periodo del a\u00f1o pasado. En concreto, los precios en Baleares subieron 1,7%, lo que supone un descenso del 29,25 respecto a los m\u00e1ximos de hace casi una d\u00e9cada. S\u00f3lo Canarias ha igualado la demanda en Baleares, mientras que los precios en la pen\u00ednsula han ca\u00eddo unos 47,5% desde su m\u00e1ximo. Se ha producido un resurgimiento del inter\u00e9s de los inversores extranjeros por las nuevas construcciones, pero en general, el mercado inmobiliario espa\u00f1ol sigue teniendo, por ahora, un exceso de oferta, lo que hace bajar los precios e influye en los compradores para que inviertan mientras el precio sea adecuado. Entretanto, el crecimiento sostenido de Ibiza ha infundido a los inversores una renovada confianza en la rentabilidad.<\/p>\n<p>&nbsp;<\/p>\n<h5><span style=\"color: #333399;\">Proyecto de conservaci\u00f3n del agua en las Pitiusas<\/span><\/h5>\n<p>&nbsp;<\/p>\n<p>Se ha puesto en marcha un plan de ahorro de agua en Ibiza y Formentera, como parte de un plan para crear un turismo sostenible y proteger el medio ambiente local. La campa\u00f1a denominada \"Vive la Isla, Cuida el Agua\" ha sido puesta en marcha por la Alianza para la Gesti\u00f3n Sostenible del Agua (SWM), formada por funcionarios de las autoridades locales y del sector privado, as\u00ed como por partes interesadas de los \u00e1mbitos de la agricultura y los estudios sociales. El plan es crear una nueva conciencia sobre la preservaci\u00f3n del agua entre los residentes y visitantes de las islas Pitiusas.<\/p>\n<p><img decoding=\"async\" class=\"aligncenter size-medium wp-image-282\" src=\"https:\/\/everythingibiza.com\/blog\/wp-content\/uploads\/2016\/09\/campana-vive-295x300.jpg\" alt=\"campana-vive\" width=\"295\" height=\"300\" \/><\/p>\n<p>Dirigido principalmente a hoteles, bares y restaurantes, el plan consiste en animar activamente al sector privado a sumarse a la gesti\u00f3n del agua, al tiempo que se distribuye material educativo con consejos para ahorrar agua y se elaboran folletos para el p\u00fablico con el lema de la campa\u00f1a. Los folletos, impresos en espa\u00f1ol, catal\u00e1n e ingl\u00e9s, se colocar\u00e1n en las zonas de mayor consumo de agua, como los ba\u00f1os de los lugares tur\u00edsticos m\u00e1s populares. Con las precipitaciones registradas en el invierno 2015\/16, que han sido las m\u00e1s bajas de la historia, y el continuo crecimiento del turismo a\u00f1o tras a\u00f1o, los ecologistas y los agricultores han expresado su gran preocupaci\u00f3n por las reservas de agua de las islas. La campa\u00f1a \"Vive la Isla, Cuida el Agua\" animar\u00e1 a todos a ser m\u00e1s responsables en el uso de este recurso natural tan preciado.<\/p>\n<p>&nbsp;<\/p>\n<h5><span style=\"color: #333399;\">Debates sobre la distribuci\u00f3n de efectivo de los impuestos<\/span><\/h5>\n<p>&nbsp;<\/p>\n<p>Podr\u00eda haber buenas noticias para Ibiza y Formentera, ya que el parlamento espa\u00f1ol decide el reparto de los ingresos del recientemente introducido Impuesto Tur\u00edstico Balear. El partido pol\u00edtico de izquierdas Podemos ha pedido que una mayor parte de los fondos de la tasa tur\u00edstica, que se cobra entre 50 c\u00e9ntimos y 2 euros al d\u00eda, se destine a las islas cuya poblaci\u00f3n aut\u00f3ctona se ve m\u00e1s incrementada por la afluencia estacional de turistas. Podemos tambi\u00e9n ha hecho campa\u00f1a para que se elimine la reducci\u00f3n del 50% de la tasa de invierno, para que se busque una mayor aprobaci\u00f3n p\u00fablica de los planes propuestos y para que se destine una mayor cantidad a proyectos medioambientales, as\u00ed como m\u00e1s inyecciones de dinero para ayudar a la creaci\u00f3n de empleo tanto dentro como fuera del sector tur\u00edstico.<\/p>\n<p><img decoding=\"async\" class=\"aligncenter wp-image-284 size-large\" src=\"https:\/\/everythingibiza.com\/blog\/wp-content\/uploads\/2016\/09\/cropped-header-1024x239.jpg\" alt=\"Balearic Eco Tax\" width=\"700\" height=\"163\" \/><\/p>\n<p>En un principio, Mallorca iba a recibir 45% de los 60% de ingresos fiscales que se han designado para repartir entre los Consells insulares, sin embargo, una portavoz de Podemos: Laura Camargo, se\u00f1al\u00f3 que Formentera tiene un \"n\u00famero colosal\" de visitantes. El partido plantear\u00e1 sus propuestas a la comisi\u00f3n encargada de vigilar el gasto en Baleares junto a representantes del PS y M\u00e9s. El impuesto est\u00e1 en funcionamiento desde el 1 de julio de 2016 y a\u00fan no se han dado a conocer las cifras, pero las cantidades recaudadas tras un a\u00f1o completo constituir\u00e1n, sin duda, un importante impulso para la econom\u00eda de las islas.<\/p>\n<p>&nbsp;<\/p>\n<p>&nbsp;<\/p>\n<h5>\u00bfTiene una propiedad que vender? \u00bfBusca una propiedad para comprar?<\/h5>\n<p>&nbsp;<\/p>\n<h5>Por favor, h\u00e1ganoslo saber utilizando los datos que aparecen a continuaci\u00f3n o puede utilizar el <a href=\"https:\/\/www.everythingibiza.com\/es\/get-in-touch\/\">Contacto<\/a> p\u00e1gina de nuestro sitio web.<\/h5>\n<p>&nbsp;<\/p>\n<h5>Tel: +34 971 80 36 80 \/ MOB: +34 606 868 756 \/ @: yanderson@everythingibiza.com<\/h5>","protected":false},"excerpt":{"rendered":"<p>&nbsp; Seasonal Change and Growth &nbsp; As we descend from the precipice of summer&#8217;s height, the property market shifts its demographic, somewhat, from the purchase of holiday homes, to local investment following a, hopefully lucrative, season of hard work. Traditionally, islanders looking to purchase real estate are more concerned with square meterage than aesthetics and [&hellip;]<\/p>\n","protected":false},"author":4,"featured_media":7516,"comment_status":"closed","ping_status":"closed","sticky":false,"template":"","format":"standard","meta":{"footnotes":""},"categories":[44,47,49],"tags":[],"class_list":["post-7378","post","type-post","status-publish","format-standard","has-post-thumbnail","hentry","category-general-blog","category-property-news","category-snippets"],"acf":[],"yoast_head":"<!-- This site is optimized with the Yoast SEO plugin v27.5 - https:\/\/yoast.com\/product\/yoast-seo-wordpress\/ -->\n<title>September Blog &amp; Snippets - everything ibiza Properties<\/title>\n<meta name=\"robots\" content=\"index, follow, max-snippet:-1, max-image-preview:large, max-video-preview:-1\" \/>\n<link rel=\"canonical\" href=\"https:\/\/www.everythingibiza.com\/es\/september-property-news\/\" \/>\n<meta property=\"og:locale\" content=\"es_ES\" \/>\n<meta property=\"og:type\" content=\"article\" \/>\n<meta property=\"og:title\" content=\"September Blog &amp; Snippets - everything ibiza Properties\" \/>\n<meta property=\"og:description\" content=\"&nbsp; Seasonal Change and Growth &nbsp; As we descend from the precipice of summer&#8217;s height, the property market shifts its demographic, somewhat, from the purchase of holiday homes, to local investment following a, hopefully lucrative, season of hard work. Traditionally, islanders looking to purchase real estate are more concerned with square meterage than aesthetics and [&hellip;]\" \/>\n<meta property=\"og:url\" content=\"https:\/\/www.everythingibiza.com\/es\/september-property-news\/\" \/>\n<meta property=\"og:site_name\" content=\"everything ibiza Properties\" \/>\n<meta property=\"article:published_time\" content=\"2016-09-08T16:58:08+00:00\" \/>\n<meta property=\"article:modified_time\" content=\"2025-08-18T15:01:39+00:00\" \/>\n<meta property=\"og:image\" content=\"https:\/\/everythingibiza.lon1.digitaloceanspaces.com\/wp-content\/uploads\/2016\/09\/Flag-Of-Balearic-Islands-Spain-1.jpg\" \/>\n\t<meta property=\"og:image:width\" content=\"1026\" \/>\n\t<meta property=\"og:image:height\" content=\"503\" \/>\n\t<meta property=\"og:image:type\" content=\"image\/jpeg\" \/>\n<meta name=\"author\" content=\"Ando\" \/>\n<meta name=\"twitter:card\" content=\"summary_large_image\" \/>\n<meta name=\"twitter:label1\" content=\"Escrito por\" \/>\n\t<meta name=\"twitter:data1\" content=\"Ando\" \/>\n\t<meta name=\"twitter:label2\" content=\"Tiempo de lectura\" \/>\n\t<meta name=\"twitter:data2\" content=\"4 minutos\" \/>\n<script type=\"application\/ld+json\" class=\"yoast-schema-graph\">{\"@context\":\"https:\\\/\\\/schema.org\",\"@graph\":[{\"@type\":\"Article\",\"@id\":\"https:\\\/\\\/www.everythingibiza.com\\\/september-property-news\\\/#article\",\"isPartOf\":{\"@id\":\"https:\\\/\\\/www.everythingibiza.com\\\/september-property-news\\\/\"},\"author\":{\"name\":\"Ando\",\"@id\":\"https:\\\/\\\/www.everythingibiza.com\\\/#\\\/schema\\\/person\\\/f839a6da88ca201f95a46e67b4efe79f\"},\"headline\":\"September Blog &#038; Snippets\",\"datePublished\":\"2016-09-08T16:58:08+00:00\",\"dateModified\":\"2025-08-18T15:01:39+00:00\",\"mainEntityOfPage\":{\"@id\":\"https:\\\/\\\/www.everythingibiza.com\\\/september-property-news\\\/\"},\"wordCount\":740,\"image\":{\"@id\":\"https:\\\/\\\/www.everythingibiza.com\\\/september-property-news\\\/#primaryimage\"},\"thumbnailUrl\":\"https:\\\/\\\/everythingibiza.lon1.digitaloceanspaces.com\\\/files\\\/2016\\\/09\\\/Flag-Of-Balearic-Islands-Spain-1.jpg\",\"articleSection\":[\"General Blog\",\"Property News\",\"Snippets\"],\"inLanguage\":\"es\"},{\"@type\":\"WebPage\",\"@id\":\"https:\\\/\\\/www.everythingibiza.com\\\/september-property-news\\\/\",\"url\":\"https:\\\/\\\/www.everythingibiza.com\\\/september-property-news\\\/\",\"name\":\"September Blog & Snippets - everything ibiza Properties\",\"isPartOf\":{\"@id\":\"https:\\\/\\\/www.everythingibiza.com\\\/#website\"},\"primaryImageOfPage\":{\"@id\":\"https:\\\/\\\/www.everythingibiza.com\\\/september-property-news\\\/#primaryimage\"},\"image\":{\"@id\":\"https:\\\/\\\/www.everythingibiza.com\\\/september-property-news\\\/#primaryimage\"},\"thumbnailUrl\":\"https:\\\/\\\/everythingibiza.lon1.digitaloceanspaces.com\\\/files\\\/2016\\\/09\\\/Flag-Of-Balearic-Islands-Spain-1.jpg\",\"datePublished\":\"2016-09-08T16:58:08+00:00\",\"dateModified\":\"2025-08-18T15:01:39+00:00\",\"author\":{\"@id\":\"https:\\\/\\\/www.everythingibiza.com\\\/#\\\/schema\\\/person\\\/f839a6da88ca201f95a46e67b4efe79f\"},\"breadcrumb\":{\"@id\":\"https:\\\/\\\/www.everythingibiza.com\\\/september-property-news\\\/#breadcrumb\"},\"inLanguage\":\"es\",\"potentialAction\":[{\"@type\":\"ReadAction\",\"target\":[\"https:\\\/\\\/www.everythingibiza.com\\\/september-property-news\\\/\"]}]},{\"@type\":\"ImageObject\",\"inLanguage\":\"es\",\"@id\":\"https:\\\/\\\/www.everythingibiza.com\\\/september-property-news\\\/#primaryimage\",\"url\":\"https:\\\/\\\/everythingibiza.lon1.digitaloceanspaces.com\\\/files\\\/2016\\\/09\\\/Flag-Of-Balearic-Islands-Spain-1.jpg\",\"contentUrl\":\"https:\\\/\\\/everythingibiza.lon1.digitaloceanspaces.com\\\/files\\\/2016\\\/09\\\/Flag-Of-Balearic-Islands-Spain-1.jpg\",\"width\":1026,\"height\":503},{\"@type\":\"BreadcrumbList\",\"@id\":\"https:\\\/\\\/www.everythingibiza.com\\\/september-property-news\\\/#breadcrumb\",\"itemListElement\":[{\"@type\":\"ListItem\",\"position\":1,\"name\":\"Home\",\"item\":\"https:\\\/\\\/www.everythingibiza.com\\\/\"},{\"@type\":\"ListItem\",\"position\":2,\"name\":\"September Blog &#038; Snippets\"}]},{\"@type\":\"WebSite\",\"@id\":\"https:\\\/\\\/www.everythingibiza.com\\\/#website\",\"url\":\"https:\\\/\\\/www.everythingibiza.com\\\/\",\"name\":\"everything ibiza Properties\",\"description\":\"Accredited &amp; Trusted Real Estate Agent in Ibiza Since 1999\",\"potentialAction\":[{\"@type\":\"SearchAction\",\"target\":{\"@type\":\"EntryPoint\",\"urlTemplate\":\"https:\\\/\\\/www.everythingibiza.com\\\/?s={search_term_string}\"},\"query-input\":{\"@type\":\"PropertyValueSpecification\",\"valueRequired\":true,\"valueName\":\"search_term_string\"}}],\"inLanguage\":\"es\"},{\"@type\":\"Person\",\"@id\":\"https:\\\/\\\/www.everythingibiza.com\\\/#\\\/schema\\\/person\\\/f839a6da88ca201f95a46e67b4efe79f\",\"name\":\"Ando\",\"image\":{\"@type\":\"ImageObject\",\"inLanguage\":\"es\",\"@id\":\"https:\\\/\\\/secure.gravatar.com\\\/avatar\\\/b71361a14ed47e1ae498ec1fbeeb60992c1b4f66a327e004aca79ad48d049c09?s=96&d=mm&r=g\",\"url\":\"https:\\\/\\\/secure.gravatar.com\\\/avatar\\\/b71361a14ed47e1ae498ec1fbeeb60992c1b4f66a327e004aca79ad48d049c09?s=96&d=mm&r=g\",\"contentUrl\":\"https:\\\/\\\/secure.gravatar.com\\\/avatar\\\/b71361a14ed47e1ae498ec1fbeeb60992c1b4f66a327e004aca79ad48d049c09?s=96&d=mm&r=g\",\"caption\":\"Ando\"},\"sameAs\":[\"http:\\\/\\\/www.everythingibiza.com\"],\"url\":\"https:\\\/\\\/www.everythingibiza.com\\\/es\\\/author\\\/john\\\/\"}]}<\/script>\n<!-- \/ Yoast SEO plugin. -->","yoast_head_json":{"title":"September Blog & Snippets - everything ibiza Properties","robots":{"index":"index","follow":"follow","max-snippet":"max-snippet:-1","max-image-preview":"max-image-preview:large","max-video-preview":"max-video-preview:-1"},"canonical":"https:\/\/www.everythingibiza.com\/es\/september-property-news\/","og_locale":"es_ES","og_type":"article","og_title":"September Blog & Snippets - everything ibiza Properties","og_description":"&nbsp; Seasonal Change and Growth &nbsp; As we descend from the precipice of summer&#8217;s height, the property market shifts its demographic, somewhat, from the purchase of holiday homes, to local investment following a, hopefully lucrative, season of hard work. Traditionally, islanders looking to purchase real estate are more concerned with square meterage than aesthetics and [&hellip;]","og_url":"https:\/\/www.everythingibiza.com\/es\/september-property-news\/","og_site_name":"everything ibiza Properties","article_published_time":"2016-09-08T16:58:08+00:00","article_modified_time":"2025-08-18T15:01:39+00:00","og_image":[{"width":1026,"height":503,"url":"https:\/\/everythingibiza.lon1.digitaloceanspaces.com\/wp-content\/uploads\/2016\/09\/Flag-Of-Balearic-Islands-Spain-1.jpg","type":"image\/jpeg"}],"author":"Ando","twitter_card":"summary_large_image","twitter_misc":{"Escrito por":"Ando","Tiempo de lectura":"4 minutos"},"schema":{"@context":"https:\/\/schema.org","@graph":[{"@type":"Article","@id":"https:\/\/www.everythingibiza.com\/september-property-news\/#article","isPartOf":{"@id":"https:\/\/www.everythingibiza.com\/september-property-news\/"},"author":{"name":"Ando","@id":"https:\/\/www.everythingibiza.com\/#\/schema\/person\/f839a6da88ca201f95a46e67b4efe79f"},"headline":"September Blog &#038; Snippets","datePublished":"2016-09-08T16:58:08+00:00","dateModified":"2025-08-18T15:01:39+00:00","mainEntityOfPage":{"@id":"https:\/\/www.everythingibiza.com\/september-property-news\/"},"wordCount":740,"image":{"@id":"https:\/\/www.everythingibiza.com\/september-property-news\/#primaryimage"},"thumbnailUrl":"https:\/\/everythingibiza.lon1.digitaloceanspaces.com\/files\/2016\/09\/Flag-Of-Balearic-Islands-Spain-1.jpg","articleSection":["General Blog","Property News","Snippets"],"inLanguage":"es"},{"@type":"WebPage","@id":"https:\/\/www.everythingibiza.com\/september-property-news\/","url":"https:\/\/www.everythingibiza.com\/september-property-news\/","name":"September Blog & Snippets - everything ibiza Properties","isPartOf":{"@id":"https:\/\/www.everythingibiza.com\/#website"},"primaryImageOfPage":{"@id":"https:\/\/www.everythingibiza.com\/september-property-news\/#primaryimage"},"image":{"@id":"https:\/\/www.everythingibiza.com\/september-property-news\/#primaryimage"},"thumbnailUrl":"https:\/\/everythingibiza.lon1.digitaloceanspaces.com\/files\/2016\/09\/Flag-Of-Balearic-Islands-Spain-1.jpg","datePublished":"2016-09-08T16:58:08+00:00","dateModified":"2025-08-18T15:01:39+00:00","author":{"@id":"https:\/\/www.everythingibiza.com\/#\/schema\/person\/f839a6da88ca201f95a46e67b4efe79f"},"breadcrumb":{"@id":"https:\/\/www.everythingibiza.com\/september-property-news\/#breadcrumb"},"inLanguage":"es","potentialAction":[{"@type":"ReadAction","target":["https:\/\/www.everythingibiza.com\/september-property-news\/"]}]},{"@type":"ImageObject","inLanguage":"es","@id":"https:\/\/www.everythingibiza.com\/september-property-news\/#primaryimage","url":"https:\/\/everythingibiza.lon1.digitaloceanspaces.com\/files\/2016\/09\/Flag-Of-Balearic-Islands-Spain-1.jpg","contentUrl":"https:\/\/everythingibiza.lon1.digitaloceanspaces.com\/files\/2016\/09\/Flag-Of-Balearic-Islands-Spain-1.jpg","width":1026,"height":503},{"@type":"BreadcrumbList","@id":"https:\/\/www.everythingibiza.com\/september-property-news\/#breadcrumb","itemListElement":[{"@type":"ListItem","position":1,"name":"Home","item":"https:\/\/www.everythingibiza.com\/"},{"@type":"ListItem","position":2,"name":"September Blog &#038; Snippets"}]},{"@type":"WebSite","@id":"https:\/\/www.everythingibiza.com\/#website","url":"https:\/\/www.everythingibiza.com\/","name":"todo ibiza Propiedades","description":"Agente inmobiliario acreditado y de confianza en Ibiza desde 1999","potentialAction":[{"@type":"SearchAction","target":{"@type":"EntryPoint","urlTemplate":"https:\/\/www.everythingibiza.com\/?s={search_term_string}"},"query-input":{"@type":"PropertyValueSpecification","valueRequired":true,"valueName":"search_term_string"}}],"inLanguage":"es"},{"@type":"Person","@id":"https:\/\/www.everythingibiza.com\/#\/schema\/person\/f839a6da88ca201f95a46e67b4efe79f","name":"Ando","image":{"@type":"ImageObject","inLanguage":"es","@id":"https:\/\/secure.gravatar.com\/avatar\/b71361a14ed47e1ae498ec1fbeeb60992c1b4f66a327e004aca79ad48d049c09?s=96&d=mm&r=g","url":"https:\/\/secure.gravatar.com\/avatar\/b71361a14ed47e1ae498ec1fbeeb60992c1b4f66a327e004aca79ad48d049c09?s=96&d=mm&r=g","contentUrl":"https:\/\/secure.gravatar.com\/avatar\/b71361a14ed47e1ae498ec1fbeeb60992c1b4f66a327e004aca79ad48d049c09?s=96&d=mm&r=g","caption":"Ando"},"sameAs":["http:\/\/www.everythingibiza.com"],"url":"https:\/\/www.everythingibiza.com\/es\/author\/john\/"}]}},"_links":{"self":[{"href":"https:\/\/www.everythingibiza.com\/es\/wp-json\/wp\/v2\/posts\/7378","targetHints":{"allow":["GET"]}}],"collection":[{"href":"https:\/\/www.everythingibiza.com\/es\/wp-json\/wp\/v2\/posts"}],"about":[{"href":"https:\/\/www.everythingibiza.com\/es\/wp-json\/wp\/v2\/types\/post"}],"author":[{"embeddable":true,"href":"https:\/\/www.everythingibiza.com\/es\/wp-json\/wp\/v2\/users\/4"}],"replies":[{"embeddable":true,"href":"https:\/\/www.everythingibiza.com\/es\/wp-json\/wp\/v2\/comments?post=7378"}],"version-history":[{"count":0,"href":"https:\/\/www.everythingibiza.com\/es\/wp-json\/wp\/v2\/posts\/7378\/revisions"}],"wp:featuredmedia":[{"embeddable":true,"href":"https:\/\/www.everythingibiza.com\/es\/wp-json\/wp\/v2\/media\/7516"}],"wp:attachment":[{"href":"https:\/\/www.everythingibiza.com\/es\/wp-json\/wp\/v2\/media?parent=7378"}],"wp:term":[{"taxonomy":"category","embeddable":true,"href":"https:\/\/www.everythingibiza.com\/es\/wp-json\/wp\/v2\/categories?post=7378"},{"taxonomy":"post_tag","embeddable":true,"href":"https:\/\/www.everythingibiza.com\/es\/wp-json\/wp\/v2\/tags?post=7378"}],"curies":[{"name":"wp","href":"https:\/\/api.w.org\/{rel}","templated":true}]}}